[{"@context":"https:\/\/schema.org\/","@type":"Article","@id":"https:\/\/www.flamenio.cz\/bydleni-ve-vice-generacich\/#Article","mainEntityOfPage":"https:\/\/www.flamenio.cz\/bydleni-ve-vice-generacich\/","headline":"Bydlen\u00ed ve v\u00edce generac\u00edch","name":"Bydlen\u00ed ve v\u00edce generac\u00edch","description":"Bydlen\u00ed ve v\u00edce generac\u00edch je t\u00e9ma, kter\u00e9 se dneska \u010d\u00edm d\u00e1l v\u00edc \u0159e\u0161\u00ed. A j\u00e1 osobn\u011b na to m\u00e1m jasn\u00fd n\u00e1zor, i kdy\u017e to nen\u00ed \u00fapln\u011b jednoduch\u00e9. Kdy\u017e se nad&hellip;","datePublished":"2024-07-29","dateModified":"2024-07-29","author":{"@type":"Person","@id":"https:\/\/www.flamenio.cz\/author\/#Person","name":"","url":"https:\/\/www.flamenio.cz\/author\/","identifier":1,"image":{"@type":"ImageObject","@id":"https:\/\/secure.gravatar.com\/avatar\/04053961f5a3d2af1f56d865c7fc774bb6a80b9754b2f4c57fa4f8cefa253bd4?s=96&d=mm&r=g","url":"https:\/\/secure.gravatar.com\/avatar\/04053961f5a3d2af1f56d865c7fc774bb6a80b9754b2f4c57fa4f8cefa253bd4?s=96&d=mm&r=g","height":96,"width":96}},"publisher":{"@type":"Organization","name":"flamenio.cz","logo":{"@type":"ImageObject","@id":"\/logo.png","url":"\/logo.png","width":600,"height":60}},"image":{"@type":"ImageObject","@id":"https:\/\/www.flamenio.cz\/wp-content\/uploads\/love-1751071_640_3.jpg","url":"https:\/\/www.flamenio.cz\/wp-content\/uploads\/love-1751071_640_3.jpg","height":0,"width":0},"url":"https:\/\/www.flamenio.cz\/bydleni-ve-vice-generacich\/","about":["Bydlen\u00ed"],"wordCount":450,"articleBody":"Bydlen\u00ed ve v\u00edce generac\u00edch je t\u00e9ma, kter\u00e9 se dneska \u010d\u00edm d\u00e1l v\u00edc \u0159e\u0161\u00ed. A j\u00e1 osobn\u011b na to m\u00e1m jasn\u00fd n\u00e1zor, i kdy\u017e to nen\u00ed \u00fapln\u011b jednoduch\u00e9. Kdy\u017e se nad t\u00edm zamysl\u00edm, tak jsou samoz\u0159ejm\u011b pro a proti. N\u011bkdo to m\u016f\u017ee pova\u017eovat za ide\u00e1ln\u00ed \u0159e\u0161en\u00ed, jin\u00fd to zase m\u016f\u017ee vid\u011bt jako no\u010dn\u00ed m\u016fru. Co na tom vid\u00edm pozitivn\u00edho? Ur\u010dit\u011b je to obrovsk\u00e1 podpora a \u00faleva. Kdy\u017e \u017eijete s rodi\u010di nebo prarodi\u010di, m\u016f\u017eete si navz\u00e1jem pom\u00e1hat. Kdy\u017e m\u00e1te mal\u00e9 d\u011bti\u010dky, tak je to naprost\u00e1 par\u00e1da, kdy\u017e se v\u00e1m t\u0159eba ob\u010das n\u011bkdo nab\u00eddne, \u017ee v\u00e1m pohl\u00edd\u00e1, abyste si mohli odpo\u010dinout nebo j\u00edt na chv\u00edli ven. To je n\u011bco, co prost\u011b ocen\u00edte. A taky, kdy\u017e \u017eijete ve v\u00edce generac\u00edch, m\u00e1te k dispozici v\u00edc lid\u00ed, kte\u0159\u00ed mohou n\u011bco pomoct s dom\u00e1cnost\u00ed, va\u0159en\u00edm nebo prost\u011b jen tak b\u00fdt nabl\u00edzku. To m\u016f\u017ee b\u00fdt skv\u011bl\u00fd pocit, zvl\u00e1\u0161\u0165 pokud m\u00e1te n\u00e1ro\u010dn\u00fd den.\u00a0Ale na druhou stranu, p\u0159iznejme si to, nejsme v\u017edycky p\u0159ipraven\u00e9 na to, co to v\u0161echno obn\u00e1\u0161\u00ed. Ka\u017ed\u00fd z n\u00e1s m\u00e1 jin\u00e9 n\u00e1vyky, jin\u00e9 p\u0159edstavy o tom, jak by m\u011bl vypadat ide\u00e1ln\u00ed den. A n\u011bkdy to m\u016f\u017ee b\u00fdt fakt hodn\u011b n\u00e1ro\u010dn\u00e9. Ka\u017ed\u00fd chce m\u00edt n\u011bkdy sv\u016fj klid a n\u011bkdy je t\u011b\u017ek\u00e9 naj\u00edt tu danou rovnov\u00e1hu. Chce to obrovskou d\u00e1vku trp\u011blivosti.A taky, co si budeme pov\u00eddat, kdy\u017e \u017eijete pod jednou st\u0159echou s rodinou, to soukrom\u00ed je \u010dasto velk\u00fd o\u0159\u00ed\u0161ek. Dal\u0161\u00ed v\u011bc, kter\u00e1 m\u016f\u017ee b\u00fdt probl\u00e9m, je rozd\u011blen\u00ed dom\u00e1c\u00ed pr\u00e1ce. Jak se \u0159\u00edk\u00e1, ka\u017ed\u00fd si m\u00e1 ukl\u00edzet po sob\u011b. Ale kdo m\u00e1 v takov\u00e9m uspo\u0159\u00e1d\u00e1n\u00ed na to \u010das a chu\u0165, \u017ee? Je to trochu o domluv\u011b a nastavov\u00e1n\u00ed hranic. Ne v\u0161echno, co je pro jednoho samoz\u0159ejm\u00e9, je i pro druh\u00e9ho. Nav\u00edc ka\u017ed\u00fd m\u00e1 jin\u00fd pohled na to, jak vypad\u00e1 uklizeno a jin\u00e9 zvyky. Je to hodn\u011b o t\u011bch generac\u00edch. N\u011bkdy je to slo\u017eit\u00e9 a n\u011bkdy jednoduch\u00e9. N\u011bkdo preferuje to a druh\u00fd zase ono. Stran\u011b z\u00e1le\u017e\u00ed na t\u011bch lidech, kte\u0159\u00ed spolu dan\u00fd domov sd\u00edlej\u00ed. Tak\u00e9 z\u00e1le\u017e\u00ed, jak je kdo tolerantn\u00ed a ochotn\u00fd a z\u00e1le\u017e\u00ed tak\u00e9 na tom, jak jste spolu kompatibiln\u00ed.                                                                                                                                                                                                                                                                                                                                                                                        4\/5 - (3 votes)        "},{"@context":"https:\/\/schema.org\/","@type":"BreadcrumbList","itemListElement":[{"@type":"ListItem","position":1,"name":"Bydlen\u00ed ve v\u00edce generac\u00edch","item":"https:\/\/www.flamenio.cz\/bydleni-ve-vice-generacich\/#breadcrumbitem"}]}]