[{"@context":"https:\/\/schema.org\/","@type":"Article","@id":"https:\/\/www.flamenio.cz\/jake-jsou-jarni-ceske-budejovice\/#Article","mainEntityOfPage":"https:\/\/www.flamenio.cz\/jake-jsou-jarni-ceske-budejovice\/","headline":"Jak\u00e9 jsou jarn\u00ed \u010cesk\u00e9 Bud\u011bjovice","name":"Jak\u00e9 jsou jarn\u00ed \u010cesk\u00e9 Bud\u011bjovice","description":"Byli jste se n\u011bkdy pod\u00edvat v \u010cesk\u00fdch Bud\u011bjovic\u00edch? Nem\u00e1me na mysli pr\u016fjezd kolem m\u011bsta autem po d\u00e1lnici D3 nebo po autostr\u00e1d\u011b E55, pt\u00e1me se po z\u00e1\u017eitc\u00edch z prohl\u00eddky m\u011bstsk\u00e9ho j\u00e1dra&hellip;","datePublished":"2023-02-10","dateModified":"2023-05-05","author":{"@type":"Person","@id":"https:\/\/www.flamenio.cz\/author\/#Person","name":"","url":"https:\/\/www.flamenio.cz\/author\/","identifier":1,"image":{"@type":"ImageObject","@id":"https:\/\/secure.gravatar.com\/avatar\/04053961f5a3d2af1f56d865c7fc774bb6a80b9754b2f4c57fa4f8cefa253bd4?s=96&d=mm&r=g","url":"https:\/\/secure.gravatar.com\/avatar\/04053961f5a3d2af1f56d865c7fc774bb6a80b9754b2f4c57fa4f8cefa253bd4?s=96&d=mm&r=g","height":96,"width":96}},"publisher":{"@type":"Organization","name":"flamenio.cz","logo":{"@type":"ImageObject","@id":"\/logo.png","url":"\/logo.png","width":600,"height":60}},"image":{"@type":"ImageObject","@id":"https:\/\/www.flamenio.cz\/wp-content\/uploads\/czech-republic-gafd985c8b_640.jpg","url":"https:\/\/www.flamenio.cz\/wp-content\/uploads\/czech-republic-gafd985c8b_640.jpg","height":0,"width":0},"url":"https:\/\/www.flamenio.cz\/jake-jsou-jarni-ceske-budejovice\/","about":["Podnik\u00e1n\u00ed"],"wordCount":459,"articleBody":"      Byli jste se n\u011bkdy pod\u00edvat v \u010cesk\u00fdch Bud\u011bjovic\u00edch? Nem\u00e1me na mysli pr\u016fjezd kolem m\u011bsta autem po d\u00e1lnici D3 nebo po autostr\u00e1d\u011b E55, pt\u00e1me se po z\u00e1\u017eitc\u00edch z prohl\u00eddky m\u011bstsk\u00e9ho j\u00e1dra s fas\u00e1dami m\u011b\u0161\u0165ansk\u00fdch dom\u016f, po v\u00fdstupu na \u010cernou v\u011b\u017e, po proj\u00ed\u017e\u010fce pod\u00e9l Vltavy od soutoku s Mal\u0161\u00ed a proch\u00e1zce v m\u011bstsk\u00e9m parku Stromovka.\u010cesk\u00e9 Bud\u011bjovice jsou v turistick\u00fdch pr\u016fvodc\u00edch uv\u00e1d\u011bny jako jedna z nejv\u00fdznamn\u011bj\u0161\u00edch m\u011bstsk\u00fdch pam\u00e1tkov\u00fdch rezervac\u00ed, podobn\u011b jako nap\u0159\u00edklad Tel\u010d nebo \u010cesk\u00fd Krumlov. Milovn\u00edk\u016fm historie tu zaples\u00e1 srdce a na sv\u00e9 si tu p\u0159ijdou i vyznava\u010di p\u0159\u00edrodn\u00edch kr\u00e1s. Jestli\u017ee se odhodl\u00e1te do jiho\u010desk\u00e9 metropole zav\u00edtat b\u011bhem hlavn\u00ed turistick\u00e9 sez\u00f3ny v pr\u00e1zdninov\u00e9m obdob\u00ed, jist\u011b nebudete litovat, ov\u0161em r\u00e1di bychom v\u00e1m p\u0159ipomn\u011bli, \u017ee m\u011bsto v\u00e1m odhal\u00ed sv\u00e1 skryt\u00e1 tajemstv\u00ed a zaj\u00edmav\u00e1 z\u00e1kout\u00ed i v jin\u00e9m ro\u010dn\u00edm obdob\u00ed.Do zvl\u00e1\u0161tn\u00ed kouzeln\u00e9 atmosf\u00e9ry se m\u011bsto prom\u011bn\u00ed nejen v dob\u011b Adventu a v\u00e1no\u010dn\u00edch sv\u00e1tk\u016f \u010di p\u0159elomu roku, velmi p\u0159ita\u017eliv\u00e9 b\u00fdv\u00e1 zejm\u00e9na na ja\u0159e. Tehdy se vypl\u00e1c\u00ed m\u00edt rezervov\u00e1n pobyt v penzionu \u010cesk\u00e9 Bud\u011bjovice https:\/\/www.penzionurudolfa.cz\/ alespo\u0148 na prodlou\u017een\u00fd v\u00edkend, abyste si vychutnali sv\u011b\u017e\u00ed jarn\u00ed vzduch a spoustu rozkvetl\u00fdch strom\u016f a kv\u011btin v m\u011bstsk\u00fdch sadech a tak\u00e9 v okoln\u00ed p\u0159\u00edrod\u011b.Prvn\u00ed kvetouc\u00ed stromy tu zachyt\u00edte ji\u017e koncem dubna a nejzaj\u00edmav\u011bj\u0161\u00ed obdob\u00ed pro zachycen\u00ed typick\u00e9 jarn\u00ed atmosf\u00e9ry, kter\u00e1 vl\u00e1dne i v botanick\u00fdch zahrad\u00e1ch, je prvn\u00ed polovina kv\u011btna. Slune\u010dn\u00e9 a tepl\u00e9 po\u010das\u00ed v\u00e1s pak vyt\u00e1hne i za hranice m\u011bstsk\u00fdch park\u016f, do pahorkatiny Blansk\u00e9ho lesa \u010di Novohradsk\u00fdch hor. Z \u010cesk\u00fdch Bud\u011bjovic to nen\u00ed daleko i do T\u0159ebo\u0148sk\u00e9 p\u00e1nve, kde se tou dobou za\u010d\u00ednaj\u00ed zelenat prvn\u00ed duby, kter\u00e9 tu konkuruj\u00ed typick\u00e9 v\u016fni borovic.R\u00e1j pro fotografy\u010ceskobud\u011bjovicko, T\u0159ebo\u0148sko a \u010ceskokrumlovsko \u0159ad\u00edme k nejatraktivn\u011bj\u0161\u00edm lokalit\u00e1m v r\u00e1mci turistick\u00e9ho ruchu, kam velmi \u010dasto m\u00ed\u0159\u00ed se svou v\u00fdbavou i profesion\u00e1ln\u00ed \u010di amat\u00e9r\u0161t\u00ed fotografi\u010dt\u00ed nad\u0161enci. Jarn\u00ed obdob\u00ed je pro tuto z\u00e1libu naprosto ide\u00e1ln\u00ed a lze tu zachytit alespo\u0148 \u010d\u00e1st onoho l\u00e1kav\u00e9ho fluida, kter\u00e9 se tu opakuje rok co rok. M\u011bli bychom za n\u011bj b\u00fdt tak\u00e9 n\u00e1le\u017eit\u011b vd\u011b\u010dn\u00ed.                                                                                                                                                                                                                                                                                                                                                                                          4\/5 - (15 votes)        "},{"@context":"https:\/\/schema.org\/","@type":"BreadcrumbList","itemListElement":[{"@type":"ListItem","position":1,"name":"Jak\u00e9 jsou jarn\u00ed \u010cesk\u00e9 Bud\u011bjovice","item":"https:\/\/www.flamenio.cz\/jake-jsou-jarni-ceske-budejovice\/#breadcrumbitem"}]}]