[{"@context":"https:\/\/schema.org\/","@type":"Article","@id":"https:\/\/www.flamenio.cz\/krasne-obleceni-za-hubicku\/#Article","mainEntityOfPage":"https:\/\/www.flamenio.cz\/krasne-obleceni-za-hubicku\/","headline":"Kr\u00e1sn\u00e9 oble\u010den\u00ed za hubi\u010dku","name":"Kr\u00e1sn\u00e9 oble\u010den\u00ed za hubi\u010dku","description":"O\u010dek\u00e1v\u00e1te p\u0159\u00edr\u016fstek v rodin\u011b nebo va\u0161i zn\u00e1m\u00ed? Nestihli jste je\u0161t\u011b koupit v\u00fdbavi\u010dku pro va\u0161e miminko nebo d\u00e1rek pro budouc\u00ed maminku? Kojeneck\u00e9 oble\u010den\u00ed a dal\u0161\u00ed dopl\u0148kov\u00fd sortiment na\u0161\u00ed zna\u010dky je praktick\u00fd&hellip;","datePublished":"2024-12-19","dateModified":"2024-12-19","author":{"@type":"Person","@id":"https:\/\/www.flamenio.cz\/author\/#Person","name":"","url":"https:\/\/www.flamenio.cz\/author\/","identifier":1,"image":{"@type":"ImageObject","@id":"https:\/\/secure.gravatar.com\/avatar\/04053961f5a3d2af1f56d865c7fc774bb6a80b9754b2f4c57fa4f8cefa253bd4?s=96&d=mm&r=g","url":"https:\/\/secure.gravatar.com\/avatar\/04053961f5a3d2af1f56d865c7fc774bb6a80b9754b2f4c57fa4f8cefa253bd4?s=96&d=mm&r=g","height":96,"width":96}},"publisher":{"@type":"Organization","name":"flamenio.cz","logo":{"@type":"ImageObject","@id":"\/logo.png","url":"\/logo.png","width":600,"height":60}},"url":"https:\/\/www.flamenio.cz\/krasne-obleceni-za-hubicku\/","wordCount":250,"articleBody":"O\u010dek\u00e1v\u00e1te p\u0159\u00edr\u016fstek v rodin\u011b nebo va\u0161i zn\u00e1m\u00ed? Nestihli jste je\u0161t\u011b koupit v\u00fdbavi\u010dku pro va\u0161e miminko nebo d\u00e1rek pro budouc\u00ed maminku? Kojeneck\u00e9 oble\u010den\u00ed a dal\u0161\u00ed dopl\u0148kov\u00fd sortiment na\u0161\u00ed zna\u010dky je praktick\u00fd a v\u017edy pot\u011b\u0161\u00ed. Pot\u0159ebami d\u011bt\u00ed se zab\u00fdv\u00e1me ji\u017e 11 let a na\u0161e dod\u00e1van\u00e9 kojeneck\u00e9 oble\u010den\u00ed spl\u0148uje n\u00e1ro\u010dn\u00e9 hygienick\u00e9 a zdravotn\u00ed po\u017eadavky. Pou\u017e\u00edvan\u00fdm materi\u00e1lem oble\u010dk\u016f je siln\u011bj\u0161\u00ed, kvalitn\u00ed 100% bavlna, potisky a v\u00fd\u0161ivky jsou zdravotn\u011b nez\u00e1vadn\u00e9. Kojeneck\u00e9 oble\u010den\u00ed je \u0161ito tak, aby bylo praktick\u00e9 na obl\u00e9k\u00e1n\u00ed a snadno se udr\u017eovalo. Velikosti jsou d\u00e1ny dle v\u011bku a\u017e pro d\u011bti do 6 let. Nab\u00edz\u00edme dupa\u010dky, tri\u010dka s dlouh\u00fdm a kr\u00e1tk\u00fdm ruk\u00e1vem, body, py\u017eamka. Jin\u00e9 d\u00e1re\u010dky pro miminko a maminku Hrav\u011b uspokoj\u00edme tak\u00e9 dal\u0161\u00ed pot\u0159eby. Nab\u00eddnout m\u016f\u017eeme osu\u0161ky z frot\u00e9 materi\u00e1lu, brynd\u00e1ky zap\u00ednan\u00e9 na druk, \u010depi\u010dky z vlny v motivu zv\u00ed\u0159\u00e1tek, velmi praktick\u00e9 cestovn\u00ed no\u010dn\u00edky, kter\u00e9 dod\u00e1v\u00e1me v\u010detn\u011b absorp\u010dn\u00ed vlo\u017eky, l\u00e1hve na pit\u00ed pro nejmen\u0161\u00ed, ale i v\u011bt\u0161\u00ed d\u011bti, kalend\u00e1\u0159e pro maminky a pam\u011btn\u00ed kn\u00ed\u017eky miminka, pro zaznamen\u00e1n\u00ed podstatn\u00fdch okam\u017eik\u016f jeho \u017eivota. Nav\u0161tivte n\u00e1s, kupte si kvalitn\u00ed kojeneck\u00e9 oble\u010den\u00ed a budete odejch\u00e1zet spokojeni!                                                                                                                                                                                                                                                                                                                                                                                        3.5\/5 - (2 votes)        "},{"@context":"https:\/\/schema.org\/","@type":"BreadcrumbList","itemListElement":[{"@type":"ListItem","position":1,"name":"Kr\u00e1sn\u00e9 oble\u010den\u00ed za hubi\u010dku","item":"https:\/\/www.flamenio.cz\/krasne-obleceni-za-hubicku\/#breadcrumbitem"}]}]