[{"@context":"https:\/\/schema.org\/","@type":"Blog","@id":"https:\/\/www.flamenio.cz#Blog","headline":"Flamenio","description":"\nNev\u00edte, na kter\u00e9m z web\u016f by se daly nal\u00e9zt relevantn\u00ed informace, je\u017e v\u00e1s zaj\u00edmaj\u00ed? \u017d\u00e1dn\u00fd web sice neuspokoj\u00ed v\u0161echny, ale ten n\u00e1\u0161 prok\u00e1\u017ee dobr\u00e9 slu\u017eby mnoh\u00fdm.","url":"https:\/\/www.flamenio.cz","hasPart":[{"@type":"Article","@id":"https:\/\/www.flamenio.cz\/stary-budik\/","headline":"Star\u00fd bud\u00edk","url":"https:\/\/www.flamenio.cz\/stary-budik\/","datePublished":"2024-08-31","dateModified":"2024-08-31","mainEntityOfPage":"https:\/\/www.flamenio.cz\/stary-budik\/","author":{"@type":"Person","@id":"https:\/\/www.flamenio.cz\/author\/#Person","name":"","url":"https:\/\/www.flamenio.cz\/author\/","identifier":1,"image":{"@type":"ImageObject","@id":"https:\/\/secure.gravatar.com\/avatar\/04053961f5a3d2af1f56d865c7fc774bb6a80b9754b2f4c57fa4f8cefa253bd4?s=96&d=mm&r=g","url":"https:\/\/secure.gravatar.com\/avatar\/04053961f5a3d2af1f56d865c7fc774bb6a80b9754b2f4c57fa4f8cefa253bd4?s=96&d=mm&r=g","height":96,"width":96}},"publisher":{"@type":"Organization","name":"flamenio.cz","logo":{"@type":"ImageObject","@id":"\/logo.png","url":"\/logo.png","width":600,"height":60}},"image":{"@type":"ImageObject","@id":"https:\/\/www.flamenio.cz\/wp-content\/uploads\/alarm-clock-1540196_1280.jpg","url":"https:\/\/www.flamenio.cz\/wp-content\/uploads\/alarm-clock-1540196_1280.jpg","height":0,"width":0},"wordCount":551,"keywords":null},{"@type":"Article","@id":"https:\/\/www.flamenio.cz\/zacnete-vas-novy-vztah-koncertem-vazne-hudby\/","headline":"Za\u010dn\u011bte v\u00e1\u0161 nov\u00fd vztah koncertem v\u00e1\u017en\u00e9 hudby","url":"https:\/\/www.flamenio.cz\/zacnete-vas-novy-vztah-koncertem-vazne-hudby\/","datePublished":"2024-08-10","dateModified":"2024-08-10","mainEntityOfPage":"https:\/\/www.flamenio.cz\/zacnete-vas-novy-vztah-koncertem-vazne-hudby\/","author":{"@type":"Person","@id":"https:\/\/www.flamenio.cz\/author\/#Person","name":"","url":"https:\/\/www.flamenio.cz\/author\/","identifier":1,"image":{"@type":"ImageObject","@id":"https:\/\/secure.gravatar.com\/avatar\/04053961f5a3d2af1f56d865c7fc774bb6a80b9754b2f4c57fa4f8cefa253bd4?s=96&d=mm&r=g","url":"https:\/\/secure.gravatar.com\/avatar\/04053961f5a3d2af1f56d865c7fc774bb6a80b9754b2f4c57fa4f8cefa253bd4?s=96&d=mm&r=g","height":96,"width":96}},"publisher":{"@type":"Organization","name":"flamenio.cz","logo":{"@type":"ImageObject","@id":"\/logo.png","url":"\/logo.png","width":600,"height":60}},"image":{"@type":"ImageObject","@id":"https:\/\/www.flamenio.cz\/wp-content\/uploads\/music-1283851_640_1.jpg","url":"https:\/\/www.flamenio.cz\/wp-content\/uploads\/music-1283851_640_1.jpg","height":0,"width":0},"wordCount":570,"keywords":null},{"@type":"Article","@id":"https:\/\/www.flamenio.cz\/bydleni-ve-vice-generacich\/","headline":"Bydlen\u00ed ve v\u00edce generac\u00edch","url":"https:\/\/www.flamenio.cz\/bydleni-ve-vice-generacich\/","datePublished":"2024-07-29","dateModified":"2024-07-29","mainEntityOfPage":"https:\/\/www.flamenio.cz\/bydleni-ve-vice-generacich\/","author":{"@type":"Person","@id":"https:\/\/www.flamenio.cz\/author\/#Person","name":"","url":"https:\/\/www.flamenio.cz\/author\/","identifier":1,"image":{"@type":"ImageObject","@id":"https:\/\/secure.gravatar.com\/avatar\/04053961f5a3d2af1f56d865c7fc774bb6a80b9754b2f4c57fa4f8cefa253bd4?s=96&d=mm&r=g","url":"https:\/\/secure.gravatar.com\/avatar\/04053961f5a3d2af1f56d865c7fc774bb6a80b9754b2f4c57fa4f8cefa253bd4?s=96&d=mm&r=g","height":96,"width":96}},"publisher":{"@type":"Organization","name":"flamenio.cz","logo":{"@type":"ImageObject","@id":"\/logo.png","url":"\/logo.png","width":600,"height":60}},"image":{"@type":"ImageObject","@id":"https:\/\/www.flamenio.cz\/wp-content\/uploads\/love-1751071_640_3.jpg","url":"https:\/\/www.flamenio.cz\/wp-content\/uploads\/love-1751071_640_3.jpg","height":0,"width":0},"wordCount":562,"keywords":null},{"@type":"Article","@id":"https:\/\/www.flamenio.cz\/zateplujeme-rekreacni-nemovitost\/","headline":"Zateplujeme rekrea\u010dn\u00ed nemovitost","url":"https:\/\/www.flamenio.cz\/zateplujeme-rekreacni-nemovitost\/","datePublished":"2024-07-27","dateModified":"2024-07-27","mainEntityOfPage":"https:\/\/www.flamenio.cz\/zateplujeme-rekreacni-nemovitost\/","author":{"@type":"Person","@id":"https:\/\/www.flamenio.cz\/author\/#Person","name":"","url":"https:\/\/www.flamenio.cz\/author\/","identifier":1,"image":{"@type":"ImageObject","@id":"https:\/\/secure.gravatar.com\/avatar\/04053961f5a3d2af1f56d865c7fc774bb6a80b9754b2f4c57fa4f8cefa253bd4?s=96&d=mm&r=g","url":"https:\/\/secure.gravatar.com\/avatar\/04053961f5a3d2af1f56d865c7fc774bb6a80b9754b2f4c57fa4f8cefa253bd4?s=96&d=mm&r=g","height":96,"width":96}},"publisher":{"@type":"Organization","name":"flamenio.cz","logo":{"@type":"ImageObject","@id":"\/logo.png","url":"\/logo.png","width":600,"height":60}},"image":{"@type":"ImageObject","@id":"https:\/\/www.flamenio.cz\/wp-content\/uploads\/lie-883094_640_7.jpg","url":"https:\/\/www.flamenio.cz\/wp-content\/uploads\/lie-883094_640_7.jpg","height":0,"width":0},"wordCount":595,"keywords":null},{"@type":"Article","@id":"https:\/\/www.flamenio.cz\/o-vyhodach-vrtaku-s-kuzelovou-stopkou\/","headline":"O v\u00fdhod\u00e1ch vrt\u00e1k\u016f s ku\u017eelovou stopkou","url":"https:\/\/www.flamenio.cz\/o-vyhodach-vrtaku-s-kuzelovou-stopkou\/","datePublished":"2024-05-20","dateModified":"2024-05-20","mainEntityOfPage":"https:\/\/www.flamenio.cz\/o-vyhodach-vrtaku-s-kuzelovou-stopkou\/","author":{"@type":"Person","@id":"https:\/\/www.flamenio.cz\/author\/#Person","name":"","url":"https:\/\/www.flamenio.cz\/author\/","identifier":1,"image":{"@type":"ImageObject","@id":"https:\/\/secure.gravatar.com\/avatar\/04053961f5a3d2af1f56d865c7fc774bb6a80b9754b2f4c57fa4f8cefa253bd4?s=96&d=mm&r=g","url":"https:\/\/secure.gravatar.com\/avatar\/04053961f5a3d2af1f56d865c7fc774bb6a80b9754b2f4c57fa4f8cefa253bd4?s=96&d=mm&r=g","height":96,"width":96}},"publisher":{"@type":"Organization","name":"flamenio.cz","logo":{"@type":"ImageObject","@id":"\/logo.png","url":"\/logo.png","width":600,"height":60}},"image":{"@type":"ImageObject","@id":"https:\/\/www.flamenio.cz\/wp-content\/uploads\/tools-444499_640_5.jpg","url":"https:\/\/www.flamenio.cz\/wp-content\/uploads\/tools-444499_640_5.jpg","height":0,"width":0},"wordCount":558,"keywords":null},{"@type":"Article","@id":"https:\/\/www.flamenio.cz\/fotovoltaika-pro-vas-rodinny-dum\/","headline":"Fotovoltaika pro v\u00e1\u0161 rodinn\u00fd d\u016fm","url":"https:\/\/www.flamenio.cz\/fotovoltaika-pro-vas-rodinny-dum\/","datePublished":"2024-05-15","dateModified":"2024-05-15","mainEntityOfPage":"https:\/\/www.flamenio.cz\/fotovoltaika-pro-vas-rodinny-dum\/","author":{"@type":"Person","@id":"https:\/\/www.flamenio.cz\/author\/#Person","name":"","url":"https:\/\/www.flamenio.cz\/author\/","identifier":1,"image":{"@type":"ImageObject","@id":"https:\/\/secure.gravatar.com\/avatar\/04053961f5a3d2af1f56d865c7fc774bb6a80b9754b2f4c57fa4f8cefa253bd4?s=96&d=mm&r=g","url":"https:\/\/secure.gravatar.com\/avatar\/04053961f5a3d2af1f56d865c7fc774bb6a80b9754b2f4c57fa4f8cefa253bd4?s=96&d=mm&r=g","height":96,"width":96}},"publisher":{"@type":"Organization","name":"flamenio.cz","logo":{"@type":"ImageObject","@id":"\/logo.png","url":"\/logo.png","width":600,"height":60}},"image":{"@type":"ImageObject","@id":"https:\/\/www.flamenio.cz\/wp-content\/uploads\/Instalace%20sol%C3%A1rn%C3%ADch%20panel%C5%AF.jpg","url":"https:\/\/www.flamenio.cz\/wp-content\/uploads\/Instalace%20sol%C3%A1rn%C3%ADch%20panel%C5%AF.jpg","height":0,"width":0},"wordCount":775,"keywords":null},{"@type":"Article","@id":"https:\/\/www.flamenio.cz\/kdy-prijde-vhod-ovocny-caj\/","headline":"Kdy p\u0159ijde vhod ovocn\u00fd \u010daj","url":"https:\/\/www.flamenio.cz\/kdy-prijde-vhod-ovocny-caj\/","datePublished":"2024-05-10","dateModified":"2024-05-10","mainEntityOfPage":"https:\/\/www.flamenio.cz\/kdy-prijde-vhod-ovocny-caj\/","author":{"@type":"Person","@id":"https:\/\/www.flamenio.cz\/author\/#Person","name":"","url":"https:\/\/www.flamenio.cz\/author\/","identifier":1,"image":{"@type":"ImageObject","@id":"https:\/\/secure.gravatar.com\/avatar\/04053961f5a3d2af1f56d865c7fc774bb6a80b9754b2f4c57fa4f8cefa253bd4?s=96&d=mm&r=g","url":"https:\/\/secure.gravatar.com\/avatar\/04053961f5a3d2af1f56d865c7fc774bb6a80b9754b2f4c57fa4f8cefa253bd4?s=96&d=mm&r=g","height":96,"width":96}},"publisher":{"@type":"Organization","name":"flamenio.cz","logo":{"@type":"ImageObject","@id":"\/logo.png","url":"\/logo.png","width":600,"height":60}},"image":{"@type":"ImageObject","@id":"https:\/\/www.flamenio.cz\/wp-content\/uploads\/pour-7291236_640.jpg","url":"https:\/\/www.flamenio.cz\/wp-content\/uploads\/pour-7291236_640.jpg","height":0,"width":0},"wordCount":588,"keywords":null},{"@type":"Article","@id":"https:\/\/www.flamenio.cz\/lecba-diskretne\/","headline":"L\u00e9\u010dba diskr\u00e9tn\u011b?","url":"https:\/\/www.flamenio.cz\/lecba-diskretne\/","datePublished":"2024-04-30","dateModified":"2024-04-30","mainEntityOfPage":"https:\/\/www.flamenio.cz\/lecba-diskretne\/","author":{"@type":"Person","@id":"https:\/\/www.flamenio.cz\/author\/#Person","name":"","url":"https:\/\/www.flamenio.cz\/author\/","identifier":1,"image":{"@type":"ImageObject","@id":"https:\/\/secure.gravatar.com\/avatar\/04053961f5a3d2af1f56d865c7fc774bb6a80b9754b2f4c57fa4f8cefa253bd4?s=96&d=mm&r=g","url":"https:\/\/secure.gravatar.com\/avatar\/04053961f5a3d2af1f56d865c7fc774bb6a80b9754b2f4c57fa4f8cefa253bd4?s=96&d=mm&r=g","height":96,"width":96}},"publisher":{"@type":"Organization","name":"flamenio.cz","logo":{"@type":"ImageObject","@id":"\/logo.png","url":"\/logo.png","width":600,"height":60}},"image":null,"wordCount":323,"keywords":null},{"@type":"Article","@id":"https:\/\/www.flamenio.cz\/volni-jako-ptaci-muzete-byt-s-rc-vrtulniky\/","headline":"Voln\u00ed jako pt\u00e1ci m\u016f\u017eete b\u00fdt s rc vrtuln\u00edky","url":"https:\/\/www.flamenio.cz\/volni-jako-ptaci-muzete-byt-s-rc-vrtulniky\/","datePublished":"2024-04-25","dateModified":"2024-04-25","mainEntityOfPage":"https:\/\/www.flamenio.cz\/volni-jako-ptaci-muzete-byt-s-rc-vrtulniky\/","author":{"@type":"Person","@id":"https:\/\/www.flamenio.cz\/author\/#Person","name":"","url":"https:\/\/www.flamenio.cz\/author\/","identifier":1,"image":{"@type":"ImageObject","@id":"https:\/\/secure.gravatar.com\/avatar\/04053961f5a3d2af1f56d865c7fc774bb6a80b9754b2f4c57fa4f8cefa253bd4?s=96&d=mm&r=g","url":"https:\/\/secure.gravatar.com\/avatar\/04053961f5a3d2af1f56d865c7fc774bb6a80b9754b2f4c57fa4f8cefa253bd4?s=96&d=mm&r=g","height":96,"width":96}},"publisher":{"@type":"Organization","name":"flamenio.cz","logo":{"@type":"ImageObject","@id":"\/logo.png","url":"\/logo.png","width":600,"height":60}},"image":null,"wordCount":298,"keywords":null},{"@type":"Article","@id":"https:\/\/www.flamenio.cz\/hospodarte-s-rodinnym-rozpoctem-efektivne\/","headline":"Hospoda\u0159te s rodinn\u00fdm rozpo\u010dtem efektivn\u011b","url":"https:\/\/www.flamenio.cz\/hospodarte-s-rodinnym-rozpoctem-efektivne\/","datePublished":"2024-04-18","dateModified":"2024-04-18","mainEntityOfPage":"https:\/\/www.flamenio.cz\/hospodarte-s-rodinnym-rozpoctem-efektivne\/","author":{"@type":"Person","@id":"https:\/\/www.flamenio.cz\/author\/#Person","name":"","url":"https:\/\/www.flamenio.cz\/author\/","identifier":1,"image":{"@type":"ImageObject","@id":"https:\/\/secure.gravatar.com\/avatar\/04053961f5a3d2af1f56d865c7fc774bb6a80b9754b2f4c57fa4f8cefa253bd4?s=96&d=mm&r=g","url":"https:\/\/secure.gravatar.com\/avatar\/04053961f5a3d2af1f56d865c7fc774bb6a80b9754b2f4c57fa4f8cefa253bd4?s=96&d=mm&r=g","height":96,"width":96}},"publisher":{"@type":"Organization","name":"flamenio.cz","logo":{"@type":"ImageObject","@id":"\/logo.png","url":"\/logo.png","width":600,"height":60}},"image":null,"wordCount":282,"keywords":null}]},{"@context":"https:\/\/schema.org","@type":"WebSite","@id":"https:\/\/www.flamenio.cz\/#website","name":"Flamenio","url":"https:\/\/www.flamenio.cz","potentialAction":{"@type":"SearchAction","target":"https:\/\/www.flamenio.cz\/?s={search_term_string}","query-input":"required name=search_term_string"}}]