[{"@context":"https:\/\/schema.org\/","@type":"Article","@id":"https:\/\/www.flamenio.cz\/vonavy-byt\/#Article","mainEntityOfPage":"https:\/\/www.flamenio.cz\/vonavy-byt\/","headline":"Vo\u0148av\u00fd byt","name":"Vo\u0148av\u00fd byt","description":"P\u0159\u00edjemn\u00e9 a \u010dist\u00e9 prost\u0159ed\u00ed je mil\u00e9 v\u011bt\u0161in\u011b z&nbsp;n\u00e1s. Abychom se c\u00edtili dob\u0159e, p\u0159isp\u011bje k&nbsp;tomu p\u0159\u00edjemn\u00e9 aroma v&nbsp;na\u0161\u00ed dom\u00e1cnosti. St\u00e1le jsme obklopeni dom\u00e1c\u00edmi parf\u00e9my, chemick\u00fdmi vonn\u00fdmi rozst\u0159ikova\u010di a osv\u011b\u017eova\u010di vzduchu. Poj\u010fme,&hellip;","datePublished":"2020-01-25","dateModified":"2023-05-05","author":{"@type":"Person","@id":"https:\/\/www.flamenio.cz\/author\/#Person","name":"","url":"https:\/\/www.flamenio.cz\/author\/","identifier":1,"image":{"@type":"ImageObject","@id":"https:\/\/secure.gravatar.com\/avatar\/04053961f5a3d2af1f56d865c7fc774bb6a80b9754b2f4c57fa4f8cefa253bd4?s=96&d=mm&r=g","url":"https:\/\/secure.gravatar.com\/avatar\/04053961f5a3d2af1f56d865c7fc774bb6a80b9754b2f4c57fa4f8cefa253bd4?s=96&d=mm&r=g","height":96,"width":96}},"publisher":{"@type":"Organization","name":"flamenio.cz","logo":{"@type":"ImageObject","@id":"\/logo.png","url":"\/logo.png","width":600,"height":60}},"image":{"@type":"ImageObject","@id":"https:\/\/www.flamenio.cz\/wp-content\/uploads\/img_a368120_w2502_t1580456137.jpg","url":"https:\/\/www.flamenio.cz\/wp-content\/uploads\/img_a368120_w2502_t1580456137.jpg","height":0,"width":0},"url":"https:\/\/www.flamenio.cz\/vonavy-byt\/","about":["Bydlen\u00ed"],"wordCount":432,"articleBody":"P\u0159\u00edjemn\u00e9 a \u010dist\u00e9 prost\u0159ed\u00ed je mil\u00e9 v\u011bt\u0161in\u011b z&nbsp;n\u00e1s. Abychom se c\u00edtili dob\u0159e, p\u0159isp\u011bje k&nbsp;tomu p\u0159\u00edjemn\u00e9 aroma v&nbsp;na\u0161\u00ed dom\u00e1cnosti. St\u00e1le jsme obklopeni dom\u00e1c\u00edmi parf\u00e9my, chemick\u00fdmi vonn\u00fdmi rozst\u0159ikova\u010di a osv\u011b\u017eova\u010di vzduchu. Poj\u010fme, ale vyzkou\u0161et p\u0159\u00edrodn\u00ed aromata. Nejen l\u00e9\u010div\u00e9, ale i vonn\u00e9 silice bylinek znali ji\u017e na\u0161i p\u0159edci. Vyu\u017e\u00edvali v\u016fni bylin ke zklidn\u011bn\u00ed psychick\u00fdch probl\u00e9m\u016f, vy\u010derpanosti i k&nbsp;uvoln\u011bn\u00ed a relaxaci. Aromatick\u00e9 \u00e9terick\u00e9 oleje m\u016f\u017eeme vyu\u017e\u00edt k&nbsp;provon\u011bn\u00ed ka\u017ed\u00e9 dom\u00e1cnosti.Pro aplikaci pou\u017eijte aromatickou lampu. N\u011bkter\u00e9 rostliny jsou velice pronikav\u011b von\u00edc\u00ed. Podle toho m\u016f\u017eete vybrat tu, kter\u00e1 v\u00e1m von\u00ed p\u0159\u00edjemn\u011b. N\u011bkter\u00e9 v\u016fn\u011b jsou natolik siln\u00e9, \u017ee v\u00e1m mohou b\u00fdt a\u017e nep\u0159\u00edjemn\u00e9. Jin\u00e9 v\u00e1m v&nbsp;byt\u011b navod\u00ed relaxa\u010dn\u00ed atmosf\u00e9ru. Ka\u017ed\u00fd, ale vn\u00edm\u00e1me r\u016fzn\u00e9 v\u016fn\u011b jinak. Proto je d\u016fle\u017eit\u00fd spr\u00e1vn\u00fd v\u00fdb\u011br, abyste se c\u00edtili opravdu p\u0159\u00edjemn\u011b. N\u011bkter\u00e9 v\u016fn\u011b maj\u00ed dokonce psychoterapeutick\u00fd \u00fa\u010dinek, d\u00edky vonn\u00fdm silic\u00edm obsa\u017een\u00fdch v&nbsp;rostlin\u011b. Pro zklidn\u011bn\u00ed a navozen\u00ed p\u0159\u00edjemn\u00e9 n\u00e1lady m\u016f\u017eeme pou\u017e\u00edt sv\u00ed\u010dky. Posezen\u00ed v&nbsp;p\u0159\u00edtm\u00ed sv\u00ed\u010dek rozm\u00edst\u011bn\u00fdch na poli\u010dk\u00e1ch a stolech, bude p\u016fsobit romanticky. Nejv\u00edce jejich tlumen\u00e9 sv\u011btlo vyu\u017e\u00edv\u00e1me v&nbsp;podzimn\u00edm a zimn\u00edm obdob\u00ed. Dopl\u0148te sv\u00ed\u010dku n\u011bjak\u00fdm zaj\u00edmav\u00fdm sv\u00edcnem a z\u00edsk\u00e1te p\u016fsobiv\u00fd dopln\u011bk do dom\u00e1cnosti. Vyberte si sv\u00ed\u010dku zaj\u00edmav\u00e9ho tvaru a barvy.Pokud chcete m\u00edt jistotu, \u017ee m\u00e1te sv\u00ed\u010dku opravdu bez paraf\u00ednu a jin\u00fdch p\u0159\u00eddavn\u00fdch l\u00e1tek, vyrobte si ji sami. Pou\u017eijte levanduli nebo rozmar\u00fdnu, ob\u011b v\u016fn\u011b jsou kr\u00e1sn\u011b von\u00edc\u00ed. Do skleni\u010dky, kterou k&nbsp;v\u00fdrob\u011b sv\u00edcnu budete pot\u0159ebovat, p\u0159idejte kam\u00ednky nebo barevn\u00fd p\u00edsek i mu\u0161le. Do interi\u00e9ru m\u016f\u017eete pou\u017e\u00edt tak\u00e9 vonn\u00e9 ty\u010dinky. Obl\u00edben\u00e9 jsou provon\u011bn\u00e9 such\u00e9 kv\u011bty nebo such\u00e9 plody vysypan\u00e9 na misku. Ve v\u00e1no\u010dn\u00edm \u010dase v\u00e1m jist\u011b ud\u011bl\u00e1 radost v\u016fn\u011b franti\u0161ku nebo purpury. K\u016fra z&nbsp;citrusov\u00fdch plod\u016f a ko\u0159en\u00ed, sko\u0159ice, h\u0159eb\u00ed\u010dek, v\u00e1\u0161 domov tak\u00e9 p\u0159\u00edjemn\u011b provon\u00ed.&nbsp;                                                                                                                                                                                                                                                                                                                                                                                        3.6\/5 - (13 votes)        "},{"@context":"https:\/\/schema.org\/","@type":"BreadcrumbList","itemListElement":[{"@type":"ListItem","position":1,"name":"Vo\u0148av\u00fd byt","item":"https:\/\/www.flamenio.cz\/vonavy-byt\/#breadcrumbitem"}]}]